{"id":3743,"date":"2023-11-06T11:37:06","date_gmt":"2023-11-06T10:37:06","guid":{"rendered":"https:\/\/www.dotenv.it\/non-categorizzato\/la-nuova-immagine-di-dotenv"},"modified":"2025-02-27T15:31:56","modified_gmt":"2025-02-27T14:31:56","slug":"la-nuova-immagine-di-dotenv","status":"publish","type":"post","link":"https:\/\/www.dotenv.it\/en\/blog\/la-nuova-immagine-di-dotenv","title":{"rendered":"Novit\u00e0 e cambiamenti: la sede DotEnv"},"content":{"rendered":"<p>Un anno come il 2020 nessuno se lo aspettava di certo, ma \u00e8 altrettanto certo che da ogni criticit\u00e0 nascano sfide stimolanti. Questo settembre quindi ancora di pi\u00f9 sancisce l\u2019inizio di un nuovo anno lavorativo, non solo per cambiare la prospettiva dei mesi che lo hanno preceduto, ma anche per rinnovare l&#8217;immagine dell&#8217;azienda e per porre le basi ad un futuro imprenditoriale che ha bisogno di novit\u00e0 e cambiamenti.<\/p>\n<h2>La sede DotEnv<\/h2>\n<p>L\u2019anno di DotEnv \u00e8 iniziato con il trasferimento nella nuova sede di Ferrara presso\u00a0<a href=\"https:\/\/www.lecortidimedoro.it\/contatti\/\" target=\"_blank\" rel=\"noopener\"><span style=\"color: blue;\">Le Corti di Medoro<\/span><\/a>, una zona riqualificata che ha dato vita ad un complesso residenziale di propriet\u00e0 di\u00a0<a href=\"https:\/\/www.linkedin.com\/company\/investire-sgr\/\" target=\"_blank\" rel=\"noopener\"><span style=\"color: blue;\">INvestire<\/span><\/a>\u00a0e gestito da ACER.<\/p>\n<p>La scelta di avere un nuovo luogo nel quale riunire il team nasce da una delle caratteristiche principali dell\u2019uomo: siamo animali sociali per eccellenza e sentirci parte di un gruppo \u00e8 fondamentale per costruire la nostra identit\u00e0 e riconoscerci negli altri.<\/p>\n<p>Dopo un periodo di totale incertezza, avere la sicurezza di un luogo in cui ritrovarsi e fare squadra era importante per tutti noi. Abbiamo quindi scelto questo ufficio, un luogo di creazione di nuovi progetti, consolidamento dei rapporti gi\u00e0 costruiti, uno spazio per rispondere alle necessit\u00e0 dei clienti. Un primo passo verso un&#8217;immagine nuova, ancora pi\u00f9 innovativa, per un&#8217;azienda che non vede l&#8217;ora di mettersi in gioco con nuove e stimolanti sfide.<\/p>\n<h2>Tempo di smart working e remote working<\/h2>\n<p>DotEnv \u00e8 un&#8217;azienda organizzata al meglio per venire incontro alle esigenze di tutti i suoi dipendenti: da sempre lo <b>smart working<\/b> e il <b>remote working<\/b>, vengono applicati per per conciliare la vita lavorativa e quella privata, basando sulla fiducia i rapporti professionali tra i membri del team.<\/p>\n<p>Per fiducia si intende la responsabilizzazione di ognuno e affinch\u00e9 questo modello funzioni \u00e8 determinante che tutti i collaboratori siano educati e, appunto, responsabilizzati sugli obiettivi da raggiungere. Cambia l\u2019orientamento della propria visione: si passa dal controllo totale alla delega, da \u201csegnare le ore\u201d a rispettare i tempi di consegna, da ricevere compiti a condividere obiettivi.<\/p>\n<p>Resta aggiornato su tutte le nostre novit\u00e0.<b> <\/b><a href=\"https:\/\/www.linkedin.com\/company\/dotenv\/\" target=\"_self\" rel=\"noopener\"><b>Seguici su LinkedIn!<\/b><\/a><\/p>\n","protected":false},"excerpt":{"rendered":"<p>Un anno come il 2020 nessuno se lo aspettava di certo, ma \u00e8 altrettanto certo che da ogni criticit\u00e0 nascano sfide stimolanti. Questo settembre quindi ancora di pi\u00f9 sancisce l\u2019inizio di un nuovo anno lavorativo, non solo per cambiare la prospettiva dei mesi che lo hanno preceduto, ma per porre le basi ad un futuro imprenditoriale che ha bisogno di novit\u00e0 e cambiamenti.<\/p>\n","protected":false},"author":4,"featured_media":3531,"comment_status":"closed","ping_status":"closed","sticky":false,"template":"","format":"standard","meta":{"footnotes":""},"categories":[18,23],"tags":[],"class_list":["post-3743","post","type-post","status-publish","format-standard","has-post-thumbnail","hentry","category-blog","category-brand-identity"],"_links":{"self":[{"href":"https:\/\/www.dotenv.it\/en\/wp-json\/wp\/v2\/posts\/3743","targetHints":{"allow":["GET"]}}],"collection":[{"href":"https:\/\/www.dotenv.it\/en\/wp-json\/wp\/v2\/posts"}],"about":[{"href":"https:\/\/www.dotenv.it\/en\/wp-json\/wp\/v2\/types\/post"}],"author":[{"embeddable":true,"href":"https:\/\/www.dotenv.it\/en\/wp-json\/wp\/v2\/users\/4"}],"replies":[{"embeddable":true,"href":"https:\/\/www.dotenv.it\/en\/wp-json\/wp\/v2\/comments?post=3743"}],"version-history":[{"count":4,"href":"https:\/\/www.dotenv.it\/en\/wp-json\/wp\/v2\/posts\/3743\/revisions"}],"predecessor-version":[{"id":7704,"href":"https:\/\/www.dotenv.it\/en\/wp-json\/wp\/v2\/posts\/3743\/revisions\/7704"}],"wp:featuredmedia":[{"embeddable":true,"href":"https:\/\/www.dotenv.it\/en\/wp-json\/wp\/v2\/media\/3531"}],"wp:attachment":[{"href":"https:\/\/www.dotenv.it\/en\/wp-json\/wp\/v2\/media?parent=3743"}],"wp:term":[{"taxonomy":"category","embeddable":true,"href":"https:\/\/www.dotenv.it\/en\/wp-json\/wp\/v2\/categories?post=3743"},{"taxonomy":"post_tag","embeddable":true,"href":"https:\/\/www.dotenv.it\/en\/wp-json\/wp\/v2\/tags?post=3743"}],"curies":[{"name":"wp","href":"https:\/\/api.w.org\/{rel}","templated":true}]}}